{"id":11358,"date":"2024-08-08T11:00:07","date_gmt":"2024-08-08T11:00:07","guid":{"rendered":"https:\/\/recomm.eu\/visions-of-the-future-with-sven-gabor-janszky-at-re-comm-24\/"},"modified":"2025-01-09T15:09:18","modified_gmt":"2025-01-09T15:09:18","slug":"visions-of-the-future-with-sven-gabor-janszky-at-re-comm-24","status":"publish","type":"post","link":"https:\/\/recomm.eu\/en\/visions-of-the-future-with-sven-gabor-janszky-at-re-comm-24\/","title":{"rendered":"Visions of the future with Sven G\u00e1bor J\u00e1nszky at re.comm 24"},"content":{"rendered":"\n<p>Shaping the future &#8211; that is the central theme of Sven G\u00e1bor J\u00e1nszky, one of Europe&#8217;s leading futurologists.\nWith his unique blend of science fiction and strategy, he takes his audience into the coming decades and provides concrete recommendations for shaping our living and working environments. <\/p>\n\n<p>Sven G\u00e1bor J\u00e1nszky is not only a visionary, but also a successful author.\nHis books &#8220;2030: Wie viel Mensch vertr\u00e4gt die Zukunft&#8221; and &#8220;2025 &#8211; So arbeiten wir in der Zukunft&#8221; as well as &#8220;Rulebreaker &#8211; Wie Menschen denken, deren Ideen die Welt ver\u00e4ndern&#8221; offer exciting insights into the future and show how disruptive innovations can change our world. <\/p>\n\n<p>As head of the 2b AHEAD ThinkTank, he analyzes current developments together with innovation leaders and future thinkers from over 250 international companies every year and designs the future living and business worlds for Europe.\nHis expertise and visions have already inspired more than 180,000 people worldwide. <\/p>\n\n<p>At re.comm 24, Sven G\u00e1bor J\u00e1nszky will talk about the future of living and working environments and show how we can master the challenges of the coming years. You can look forward to inspiring insights and concrete recommendations for action from one of the leading minds in futurology. <\/p>\n\n<p>Experience Sven G\u00e1bor J\u00e1nszky live at re.comm 24 from November 13 to 15, 2024 in Kitzb\u00fchel and be inspired by his visions and strategies.<\/p>\n","protected":false},"excerpt":{"rendered":"<p>Shaping the future &#8211; that is the central theme of Sven G\u00e1bor J\u00e1nszky, one of Europe&#8217;s leading futurologists. With his unique blend of science fiction and strategy, he takes his audience into the coming decades and provides concrete recommendations for shaping our living and working environments. Sven G\u00e1bor J\u00e1nszky is not only a visionary, but also a successful author. His books &#8220;2030: Wie viel Mensch vertr\u00e4gt die Zukunft&#8221; and &#8220;2025 &#8211; So arbeiten wir in der Zukunft&#8221; as well as &#8220;Rulebreaker &#8211; Wie Menschen denken, deren Ideen die Welt ver\u00e4ndern&#8221; offer exciting insights into the future and show how disruptive innovations can change our world. As head of the 2b AHEAD ThinkTank, he analyzes current developments together with innovation leaders and future thinkers from over 250 international companies every year and designs the future living and business worlds for Europe. His expertise and visions have already inspired more than 180,000 people worldwide. At re.comm 24, Sven G\u00e1bor J\u00e1nszky will talk about the future of living and working environments and show how we can master the challenges of the coming years. You can look forward to inspiring insights and concrete recommendations for action from one of the leading minds in futurology. Experience Sven G\u00e1bor J\u00e1nszky live at re.comm 24 from November 13 to 15, 2024 in Kitzb\u00fchel and be inspired by his visions and strategies.<\/p>\n","protected":false},"author":2,"featured_media":10873,"comment_status":"closed","ping_status":"closed","sticky":false,"template":"","format":"standard","meta":{"_acf_changed":false,"footnotes":""},"categories":[71],"tags":[],"class_list":["post-11358","post","type-post","status-publish","format-standard","has-post-thumbnail","hentry","category-re-comm-2024-en"],"acf":[],"yoast_head":"<!-- This site is optimized with the Yoast SEO plugin v26.5 - https:\/\/yoast.com\/wordpress\/plugins\/seo\/ -->\n<title>Visions of the future with Sven G\u00e1bor J\u00e1nszky at re.comm 24 - re.comm<\/title>\n<meta name=\"description\" content=\"At re.comm 24, Sven G\u00e1bor J\u00e1nszky will talk about the future of living and working environments.\" \/>\n<meta name=\"robots\" content=\"index, follow, max-snippet:-1, max-image-preview:large, max-video-preview:-1\" \/>\n<link rel=\"canonical\" href=\"https:\/\/recomm.eu\/en\/visions-of-the-future-with-sven-gabor-janszky-at-re-comm-24\/\" \/>\n<meta property=\"og:locale\" content=\"en_US\" \/>\n<meta property=\"og:type\" content=\"article\" \/>\n<meta property=\"og:title\" content=\"Visions of the future with Sven G\u00e1bor J\u00e1nszky at re.comm 24 - re.comm\" \/>\n<meta property=\"og:description\" content=\"At re.comm 24, Sven G\u00e1bor J\u00e1nszky will talk about the future of living and working environments.\" \/>\n<meta property=\"og:url\" content=\"https:\/\/recomm.eu\/en\/visions-of-the-future-with-sven-gabor-janszky-at-re-comm-24\/\" \/>\n<meta property=\"og:site_name\" content=\"re.comm\" \/>\n<meta property=\"article:published_time\" content=\"2024-08-08T11:00:07+00:00\" \/>\n<meta property=\"article:modified_time\" content=\"2025-01-09T15:09:18+00:00\" \/>\n<meta property=\"og:image\" content=\"https:\/\/recomm.eu\/wp-content\/uploads\/2024\/07\/Sven-Gabor-Janszky.jpg\" \/>\n\t<meta property=\"og:image:width\" content=\"908\" \/>\n\t<meta property=\"og:image:height\" content=\"1136\" \/>\n\t<meta property=\"og:image:type\" content=\"image\/jpeg\" \/>\n<meta name=\"author\" content=\"admin\" \/>\n<meta name=\"twitter:card\" content=\"summary_large_image\" \/>\n<meta name=\"twitter:label1\" content=\"Written by\" \/>\n\t<meta name=\"twitter:data1\" content=\"admin\" \/>\n\t<meta name=\"twitter:label2\" content=\"Est. reading time\" \/>\n\t<meta name=\"twitter:data2\" content=\"1 minute\" \/>\n<script type=\"application\/ld+json\" class=\"yoast-schema-graph\">{\"@context\":\"https:\/\/schema.org\",\"@graph\":[{\"@type\":\"WebPage\",\"@id\":\"https:\/\/recomm.eu\/en\/visions-of-the-future-with-sven-gabor-janszky-at-re-comm-24\/\",\"url\":\"https:\/\/recomm.eu\/en\/visions-of-the-future-with-sven-gabor-janszky-at-re-comm-24\/\",\"name\":\"Visions of the future with Sven G\u00e1bor J\u00e1nszky at re.comm 24 - re.comm\",\"isPartOf\":{\"@id\":\"https:\/\/recomm.eu\/#website\"},\"primaryImageOfPage\":{\"@id\":\"https:\/\/recomm.eu\/en\/visions-of-the-future-with-sven-gabor-janszky-at-re-comm-24\/#primaryimage\"},\"image\":{\"@id\":\"https:\/\/recomm.eu\/en\/visions-of-the-future-with-sven-gabor-janszky-at-re-comm-24\/#primaryimage\"},\"thumbnailUrl\":\"https:\/\/recomm.eu\/wp-content\/uploads\/2024\/07\/Sven-Gabor-Janszky.jpg\",\"datePublished\":\"2024-08-08T11:00:07+00:00\",\"dateModified\":\"2025-01-09T15:09:18+00:00\",\"author\":{\"@id\":\"https:\/\/recomm.eu\/#\/schema\/person\/0b7dcbb376c58935a28c9b2418528dcd\"},\"description\":\"At re.comm 24, Sven G\u00e1bor J\u00e1nszky will talk about the future of living and working environments.\",\"breadcrumb\":{\"@id\":\"https:\/\/recomm.eu\/en\/visions-of-the-future-with-sven-gabor-janszky-at-re-comm-24\/#breadcrumb\"},\"inLanguage\":\"en-US\",\"potentialAction\":[{\"@type\":\"ReadAction\",\"target\":[\"https:\/\/recomm.eu\/en\/visions-of-the-future-with-sven-gabor-janszky-at-re-comm-24\/\"]}]},{\"@type\":\"ImageObject\",\"inLanguage\":\"en-US\",\"@id\":\"https:\/\/recomm.eu\/en\/visions-of-the-future-with-sven-gabor-janszky-at-re-comm-24\/#primaryimage\",\"url\":\"https:\/\/recomm.eu\/wp-content\/uploads\/2024\/07\/Sven-Gabor-Janszky.jpg\",\"contentUrl\":\"https:\/\/recomm.eu\/wp-content\/uploads\/2024\/07\/Sven-Gabor-Janszky.jpg\",\"width\":908,\"height\":1136},{\"@type\":\"BreadcrumbList\",\"@id\":\"https:\/\/recomm.eu\/en\/visions-of-the-future-with-sven-gabor-janszky-at-re-comm-24\/#breadcrumb\",\"itemListElement\":[{\"@type\":\"ListItem\",\"position\":1,\"name\":\"Startseite\",\"item\":\"https:\/\/recomm.eu\/en\/\"},{\"@type\":\"ListItem\",\"position\":2,\"name\":\"Visions of the future with Sven G\u00e1bor J\u00e1nszky at re.comm 24\"}]},{\"@type\":\"WebSite\",\"@id\":\"https:\/\/recomm.eu\/#website\",\"url\":\"https:\/\/recomm.eu\/\",\"name\":\"RE.COMM\",\"description\":\"Real Estate Leaders Summit\",\"potentialAction\":[{\"@type\":\"SearchAction\",\"target\":{\"@type\":\"EntryPoint\",\"urlTemplate\":\"https:\/\/recomm.eu\/?s={search_term_string}\"},\"query-input\":{\"@type\":\"PropertyValueSpecification\",\"valueRequired\":true,\"valueName\":\"search_term_string\"}}],\"inLanguage\":\"en-US\"},{\"@type\":\"Person\",\"@id\":\"https:\/\/recomm.eu\/#\/schema\/person\/0b7dcbb376c58935a28c9b2418528dcd\",\"name\":\"admin\",\"image\":{\"@type\":\"ImageObject\",\"inLanguage\":\"en-US\",\"@id\":\"https:\/\/recomm.eu\/#\/schema\/person\/image\/\",\"url\":\"https:\/\/secure.gravatar.com\/avatar\/8ff0a2293773965beda6ca79029b5cde5fc0d0f9c0f83c909b875777ad3c97a2?s=96&d=mm&r=g\",\"contentUrl\":\"https:\/\/secure.gravatar.com\/avatar\/8ff0a2293773965beda6ca79029b5cde5fc0d0f9c0f83c909b875777ad3c97a2?s=96&d=mm&r=g\",\"caption\":\"admin\"},\"url\":\"https:\/\/recomm.eu\/en\/author\/admin\/\"}]}<\/script>\n<!-- \/ Yoast SEO plugin. -->","yoast_head_json":{"title":"Visions of the future with Sven G\u00e1bor J\u00e1nszky at re.comm 24 - re.comm","description":"At re.comm 24, Sven G\u00e1bor J\u00e1nszky will talk about the future of living and working environments.","robots":{"index":"index","follow":"follow","max-snippet":"max-snippet:-1","max-image-preview":"max-image-preview:large","max-video-preview":"max-video-preview:-1"},"canonical":"https:\/\/recomm.eu\/en\/visions-of-the-future-with-sven-gabor-janszky-at-re-comm-24\/","og_locale":"en_US","og_type":"article","og_title":"Visions of the future with Sven G\u00e1bor J\u00e1nszky at re.comm 24 - re.comm","og_description":"At re.comm 24, Sven G\u00e1bor J\u00e1nszky will talk about the future of living and working environments.","og_url":"https:\/\/recomm.eu\/en\/visions-of-the-future-with-sven-gabor-janszky-at-re-comm-24\/","og_site_name":"re.comm","article_published_time":"2024-08-08T11:00:07+00:00","article_modified_time":"2025-01-09T15:09:18+00:00","og_image":[{"width":908,"height":1136,"url":"https:\/\/recomm.eu\/wp-content\/uploads\/2024\/07\/Sven-Gabor-Janszky.jpg","type":"image\/jpeg"}],"author":"admin","twitter_card":"summary_large_image","twitter_misc":{"Written by":"admin","Est. reading time":"1 minute"},"schema":{"@context":"https:\/\/schema.org","@graph":[{"@type":"WebPage","@id":"https:\/\/recomm.eu\/en\/visions-of-the-future-with-sven-gabor-janszky-at-re-comm-24\/","url":"https:\/\/recomm.eu\/en\/visions-of-the-future-with-sven-gabor-janszky-at-re-comm-24\/","name":"Visions of the future with Sven G\u00e1bor J\u00e1nszky at re.comm 24 - re.comm","isPartOf":{"@id":"https:\/\/recomm.eu\/#website"},"primaryImageOfPage":{"@id":"https:\/\/recomm.eu\/en\/visions-of-the-future-with-sven-gabor-janszky-at-re-comm-24\/#primaryimage"},"image":{"@id":"https:\/\/recomm.eu\/en\/visions-of-the-future-with-sven-gabor-janszky-at-re-comm-24\/#primaryimage"},"thumbnailUrl":"https:\/\/recomm.eu\/wp-content\/uploads\/2024\/07\/Sven-Gabor-Janszky.jpg","datePublished":"2024-08-08T11:00:07+00:00","dateModified":"2025-01-09T15:09:18+00:00","author":{"@id":"https:\/\/recomm.eu\/#\/schema\/person\/0b7dcbb376c58935a28c9b2418528dcd"},"description":"At re.comm 24, Sven G\u00e1bor J\u00e1nszky will talk about the future of living and working environments.","breadcrumb":{"@id":"https:\/\/recomm.eu\/en\/visions-of-the-future-with-sven-gabor-janszky-at-re-comm-24\/#breadcrumb"},"inLanguage":"en-US","potentialAction":[{"@type":"ReadAction","target":["https:\/\/recomm.eu\/en\/visions-of-the-future-with-sven-gabor-janszky-at-re-comm-24\/"]}]},{"@type":"ImageObject","inLanguage":"en-US","@id":"https:\/\/recomm.eu\/en\/visions-of-the-future-with-sven-gabor-janszky-at-re-comm-24\/#primaryimage","url":"https:\/\/recomm.eu\/wp-content\/uploads\/2024\/07\/Sven-Gabor-Janszky.jpg","contentUrl":"https:\/\/recomm.eu\/wp-content\/uploads\/2024\/07\/Sven-Gabor-Janszky.jpg","width":908,"height":1136},{"@type":"BreadcrumbList","@id":"https:\/\/recomm.eu\/en\/visions-of-the-future-with-sven-gabor-janszky-at-re-comm-24\/#breadcrumb","itemListElement":[{"@type":"ListItem","position":1,"name":"Startseite","item":"https:\/\/recomm.eu\/en\/"},{"@type":"ListItem","position":2,"name":"Visions of the future with Sven G\u00e1bor J\u00e1nszky at re.comm 24"}]},{"@type":"WebSite","@id":"https:\/\/recomm.eu\/#website","url":"https:\/\/recomm.eu\/","name":"RE.COMM","description":"Real Estate Leaders Summit","potentialAction":[{"@type":"SearchAction","target":{"@type":"EntryPoint","urlTemplate":"https:\/\/recomm.eu\/?s={search_term_string}"},"query-input":{"@type":"PropertyValueSpecification","valueRequired":true,"valueName":"search_term_string"}}],"inLanguage":"en-US"},{"@type":"Person","@id":"https:\/\/recomm.eu\/#\/schema\/person\/0b7dcbb376c58935a28c9b2418528dcd","name":"admin","image":{"@type":"ImageObject","inLanguage":"en-US","@id":"https:\/\/recomm.eu\/#\/schema\/person\/image\/","url":"https:\/\/secure.gravatar.com\/avatar\/8ff0a2293773965beda6ca79029b5cde5fc0d0f9c0f83c909b875777ad3c97a2?s=96&d=mm&r=g","contentUrl":"https:\/\/secure.gravatar.com\/avatar\/8ff0a2293773965beda6ca79029b5cde5fc0d0f9c0f83c909b875777ad3c97a2?s=96&d=mm&r=g","caption":"admin"},"url":"https:\/\/recomm.eu\/en\/author\/admin\/"}]}},"_links":{"self":[{"href":"https:\/\/recomm.eu\/en\/wp-json\/wp\/v2\/posts\/11358","targetHints":{"allow":["GET"]}}],"collection":[{"href":"https:\/\/recomm.eu\/en\/wp-json\/wp\/v2\/posts"}],"about":[{"href":"https:\/\/recomm.eu\/en\/wp-json\/wp\/v2\/types\/post"}],"author":[{"embeddable":true,"href":"https:\/\/recomm.eu\/en\/wp-json\/wp\/v2\/users\/2"}],"replies":[{"embeddable":true,"href":"https:\/\/recomm.eu\/en\/wp-json\/wp\/v2\/comments?post=11358"}],"version-history":[{"count":4,"href":"https:\/\/recomm.eu\/en\/wp-json\/wp\/v2\/posts\/11358\/revisions"}],"predecessor-version":[{"id":12108,"href":"https:\/\/recomm.eu\/en\/wp-json\/wp\/v2\/posts\/11358\/revisions\/12108"}],"wp:featuredmedia":[{"embeddable":true,"href":"https:\/\/recomm.eu\/en\/wp-json\/wp\/v2\/media\/10873"}],"wp:attachment":[{"href":"https:\/\/recomm.eu\/en\/wp-json\/wp\/v2\/media?parent=11358"}],"wp:term":[{"taxonomy":"category","embeddable":true,"href":"https:\/\/recomm.eu\/en\/wp-json\/wp\/v2\/categories?post=11358"},{"taxonomy":"post_tag","embeddable":true,"href":"https:\/\/recomm.eu\/en\/wp-json\/wp\/v2\/tags?post=11358"}],"curies":[{"name":"wp","href":"https:\/\/api.w.org\/{rel}","templated":true}]}}